{"id":92,"date":"2022-09-06T12:21:17","date_gmt":"2022-09-06T10:21:17","guid":{"rendered":"https:\/\/ptg-e.warszawa.pl\/?p=92"},"modified":"2023-03-08T11:29:07","modified_gmt":"2023-03-08T10:29:07","slug":"2022-10-13-godz-15-00-zebranie-oddzialu-warszawskiego-ptg-e","status":"publish","type":"post","link":"https:\/\/ptg-e.warszawa.pl\/index.php\/2022\/09\/06\/2022-10-13-godz-15-00-zebranie-oddzialu-warszawskiego-ptg-e\/","title":{"rendered":"2022.10.13 godz. 15.00 Zebranie Oddzia\u0142u Warszawskiego PTG-E"},"content":{"rendered":"\n<p>W imieniu Zarz\u0105du PTG-E Oddzia\u0142 Warszawski&nbsp;&nbsp;mam zaszczyt zaprosi\u0107 Pa\u0144stwa na zebranie Oddzia\u0142u Warszawskiego PTG-E , kt\u00f3re odb\u0119dzie si\u0119 w dniu 2022.10.13 o godzinie 15.00 w hotelu Radisson Blu Sobieski ul. Plac Artura Zawiszy 1.&nbsp; <\/p>\n\n\n\n<p><\/p>\n\n\n\n<p>Planowane wyk\u0142ady, to mi\u0119dzy innymi:&nbsp;<\/p>\n\n\n\n<ol class=\"wp-block-list\" type=\"1\">\n<li>Prof. dr hab. n. med. Gra\u017cyna Rydzewska \u201e Paradygmaty kliniczne w IBS, IBD i mikroskopowym zapaleniu jelita grubego\u201d<\/li>\n<\/ol>\n\n\n\n<ul class=\"wp-block-list\">\n<li>Prof. dr hab. n. med. Jaros\u0142aw Regu\u0142a- wyk\u0142ad w opracowaniu<\/li>\n<\/ul>\n\n\n\n<ul class=\"wp-block-list\">\n<li>Prof. dr hab. n. med. Maciej Gonciarz \u201e Ma\u0142e cz\u0105steczki w praktyce klinicznej\u201d<\/li>\n<\/ul>\n\n\n\n<ul class=\"wp-block-list\">\n<li>Prof. dr hab. n. med.&nbsp;Piotr Eder \u201e Ustekinumab- badania Real World Evidence\u201d<\/li>\n<\/ul>\n\n\n\n<ul class=\"wp-block-list\">\n<li>Prof. dr hab. n. med. Anita G\u0105siorowska \u201e Zaburzenia opr\u00f3\u017cniania \u017co\u0142\u0105dkowego\u201d<\/li>\n<\/ul>\n\n\n\n<ul class=\"wp-block-list\">\n<li>Dr n. med. i n. o zdr. Magdalena Kaniewska \u201e Mesalazyna we WZJG- nowe badania starego problemu\u201d<\/li>\n<\/ul>\n\n\n\n<p>Po wyk\u0142adach serdecznie zapraszamy Pa\u0144stwa na kolacj\u0119, kt\u00f3ra odb\u0119dzie si\u0119 w Sali Hotelu Radisson Blu Sobieski od godziny 18.00.&nbsp;<\/p>\n\n\n\n<p><strong>W zwi\u0105zku z planowan\u0105 kolacj\u0105 bardzo prosz\u0119 o<\/strong>&nbsp;<strong>POTWIERDZENIE OBECNO\u015aCI NA SPOTKANIU!&nbsp;<\/strong>na adres e-mail: biuro@ptg-e.warszawa.pl<\/p>\n\n\n\n<p>Jednocze\u015bnie zwracam si\u0119 z uprzejm\u0105 pro\u015bb\u0105 o kontakt w sprawie uaktualnienia danych adresowych (w tym adres\u00f3w mailowych) poprzez stron\u0119 PTG-E Oddzia\u0142u Warszawskiego : ptg-e.warszawa.pl (na stronie podany jest adres&nbsp;&nbsp;mailowy:&nbsp;&nbsp;biuro@ptg-e.warszawa.pl, na kt\u00f3ry mo\u017cna r\u00f3wnie\u017c przes\u0142a\u0107 now\u0105 deklaracj\u0119 cz\u0142onkostwa).<\/p>\n\n\n\n<p>&nbsp;&nbsp;&nbsp;&nbsp;&nbsp;&nbsp;&nbsp;&nbsp;&nbsp;&nbsp;&nbsp;&nbsp;&nbsp;&nbsp;&nbsp;&nbsp;&nbsp;&nbsp;&nbsp;&nbsp;&nbsp;&nbsp;&nbsp;&nbsp;&nbsp;&nbsp;&nbsp;&nbsp;&nbsp;&nbsp;&nbsp;&nbsp;&nbsp;&nbsp;&nbsp;&nbsp;&nbsp;&nbsp;&nbsp;&nbsp;&nbsp;&nbsp;&nbsp;&nbsp;&nbsp;&nbsp;&nbsp;Z powa\u017caniem<\/p>\n\n\n\n<p>&nbsp;&nbsp;&nbsp;&nbsp;&nbsp;&nbsp;&nbsp;&nbsp;&nbsp;&nbsp;&nbsp;&nbsp;&nbsp;&nbsp;&nbsp;&nbsp;&nbsp;&nbsp;&nbsp;&nbsp;&nbsp;&nbsp;&nbsp;&nbsp;&nbsp;&nbsp;&nbsp;&nbsp;&nbsp;&nbsp;&nbsp;&nbsp;&nbsp;&nbsp;&nbsp;&nbsp;&nbsp;&nbsp;&nbsp;&nbsp;&nbsp;&nbsp;&nbsp;&nbsp;&nbsp;&nbsp;Prezes Zarz\u0105du<\/p>\n\n\n\n<p>&nbsp;&nbsp;&nbsp;&nbsp;&nbsp;&nbsp;&nbsp;&nbsp;&nbsp;&nbsp;&nbsp;&nbsp;&nbsp;&nbsp;&nbsp;&nbsp;&nbsp;&nbsp;&nbsp;&nbsp;&nbsp;&nbsp;&nbsp;&nbsp;&nbsp;&nbsp;&nbsp;&nbsp;Prof. dr hab. n. med. Gra\u017cyna Rydzewska<\/p>\n","protected":false},"excerpt":{"rendered":"<p>W imieniu Zarz\u0105du PTG-E Oddzia\u0142 Warszawski&nbsp;&nbsp;mam zaszczyt zaprosi\u0107 Pa\u0144stwa na zebranie Oddzia\u0142u Warszawskiego PTG-E , kt\u00f3re odb\u0119dzie si\u0119 w dniu<\/p>\n","protected":false},"author":1,"featured_media":0,"comment_status":"open","ping_status":"open","sticky":false,"template":"","format":"standard","meta":{"footnotes":""},"categories":[1],"tags":[],"class_list":["post-92","post","type-post","status-publish","format-standard","hentry","category-bez-kategorii","comments-off"],"_links":{"self":[{"href":"https:\/\/ptg-e.warszawa.pl\/index.php\/wp-json\/wp\/v2\/posts\/92","targetHints":{"allow":["GET"]}}],"collection":[{"href":"https:\/\/ptg-e.warszawa.pl\/index.php\/wp-json\/wp\/v2\/posts"}],"about":[{"href":"https:\/\/ptg-e.warszawa.pl\/index.php\/wp-json\/wp\/v2\/types\/post"}],"author":[{"embeddable":true,"href":"https:\/\/ptg-e.warszawa.pl\/index.php\/wp-json\/wp\/v2\/users\/1"}],"replies":[{"embeddable":true,"href":"https:\/\/ptg-e.warszawa.pl\/index.php\/wp-json\/wp\/v2\/comments?post=92"}],"version-history":[{"count":5,"href":"https:\/\/ptg-e.warszawa.pl\/index.php\/wp-json\/wp\/v2\/posts\/92\/revisions"}],"predecessor-version":[{"id":103,"href":"https:\/\/ptg-e.warszawa.pl\/index.php\/wp-json\/wp\/v2\/posts\/92\/revisions\/103"}],"wp:attachment":[{"href":"https:\/\/ptg-e.warszawa.pl\/index.php\/wp-json\/wp\/v2\/media?parent=92"}],"wp:term":[{"taxonomy":"category","embeddable":true,"href":"https:\/\/ptg-e.warszawa.pl\/index.php\/wp-json\/wp\/v2\/categories?post=92"},{"taxonomy":"post_tag","embeddable":true,"href":"https:\/\/ptg-e.warszawa.pl\/index.php\/wp-json\/wp\/v2\/tags?post=92"}],"curies":[{"name":"wp","href":"https:\/\/api.w.org\/{rel}","templated":true}]}}